{"id":880,"date":"2024-03-24T17:15:23","date_gmt":"2024-03-24T15:15:23","guid":{"rendered":"https:\/\/probahn-ol-hb.de\/?p=880"},"modified":"2024-03-24T22:03:26","modified_gmt":"2024-03-24T20:03:26","slug":"pro-bahn-oldenburg-bremen-bestaetigt-vorstand-und-fordert-bahnausbau-im-nordwesten-unterstuetzung-fuer-ihk-konzept","status":"publish","type":"post","link":"https:\/\/probahn-ol-hb.de\/?p=880","title":{"rendered":"PRO BAHN Oldenburg\/Bremen best\u00e4tigt Vorstand und fordert Bahnausbau im Nordwesten \u2013 Unterst\u00fctzung f\u00fcr IHK-Konzept"},"content":{"rendered":"\n<p><strong>Regionale Mitgliederversammlung des Fahrgastverbandes in Elsfleth<\/strong><\/p>\n\n\n\n<p>Am Sonnabend, 23.03.2024, hat der Regionalverband Oldenburger Land\/Bremen im Fahrgastverband PRO BAHN auf seiner ordentlichen Mitgliederversammlung in Elsfleth einen neuen Vorstand gew\u00e4hlt und einen Forderungskatalog an die Politik verabschiedet. Darin werden zahlreiche Ausbauten der Eisenbahninfrastruktur im Nordwesten sowie dringend n\u00f6tige Angebotsverbesserungen bei Bahn und Bus gefordert. Ausdr\u00fccklich unterst\u00fctzt werden auch die Forderungen, die die Oldenburgische IHK bei ihrer Bahnkonferenz im Januar pr\u00e4sentierte. Das Gebiet des Regionalverbands umfasst das Oldenburger Land mit Ausnahme von Friesland und Wilhelmshaven sowie das Bundesland Bremen und die Landkreise Diepholz, Verden, Rotenburg (W\u00fcmme), Osterholz und Cuxhaven, worin insgesamt \u00fcber 2,4 Mio. Menschen leben und reisen.<\/p>\n\n\n\n<p>Als Vorsitzender im Amt best\u00e4tigt wurde Malte Diehl aus Oldenburg, der gleichzeitig auch dem Landesverband Niedersachsen\/Bremen vorsteht. Seine Stellvertreter Ingo Fran\u00dfen aus Bremen und Matthias Handschuch aus Oldenburg wurden ebenfalls wiedergew\u00e4hlt. J\u00f6rg Wei\u00dfmann aus Wildeshausen wurde zum Schatzmeister des Vereins gew\u00e4hlt, nachdem er diese T\u00e4tigkeit in Nachfolge des 2023 verstorbenen Werner Stommel bereits kommissarisch ausge\u00fcbt hatte. Neben dem gesch\u00e4ftsf\u00fchrenden Vorstand geh\u00f6ren in den kommenden zwei Jahren als Beisitzer Harald Dannapfel, Bj\u00f6rn H\u00f6rmann und J\u00fcrgen Pieper (alle aus Oldenburg) dem erweiterten Vorstand an.<\/p>\n\n\n\n<figure class=\"wp-block-image size-large\"><img loading=\"lazy\" decoding=\"async\" width=\"1024\" height=\"551\" src=\"https:\/\/probahn-ol-hb.de\/wp-content\/uploads\/2024\/03\/Neuer-Vorstand-e1711310439381-1024x551.jpg\" alt=\"\" class=\"wp-image-886\" srcset=\"https:\/\/probahn-ol-hb.de\/wp-content\/uploads\/2024\/03\/Neuer-Vorstand-e1711310439381-1024x551.jpg 1024w, https:\/\/probahn-ol-hb.de\/wp-content\/uploads\/2024\/03\/Neuer-Vorstand-e1711310439381-300x161.jpg 300w, https:\/\/probahn-ol-hb.de\/wp-content\/uploads\/2024\/03\/Neuer-Vorstand-e1711310439381-768x413.jpg 768w, https:\/\/probahn-ol-hb.de\/wp-content\/uploads\/2024\/03\/Neuer-Vorstand-e1711310439381-1536x826.jpg 1536w, https:\/\/probahn-ol-hb.de\/wp-content\/uploads\/2024\/03\/Neuer-Vorstand-e1711310439381.jpg 1633w\" sizes=\"auto, (max-width: 1024px) 100vw, 1024px\" \/><figcaption class=\"wp-element-caption\"><em>Der neue Vorstand des Regionalverbandes Oldenburger Land\/Bremen v.l.n.r.: Bj\u00f6rn H\u00f6rmann, Harald Dannapfel, Malte Diehl, J\u00f6rg Wei\u00dfmann, Matthias Handschuch, Ingo Fran\u00dfen, J\u00fcrgen Pieper<\/em><\/figcaption><\/figure>\n\n\n\n<p>Zus\u00e4tzlich zu den Vorstandswahlen beriet und beschloss der Regionalverband am Sonnabend das oben genannte Forderungspapier. Es greift mit Fokus auf den Personenverkehr viele Punkte auf, die die Oldenburgische IHK fordert, und f\u00fcgt einige weitere Punkte, besonders im Gebiet von Bremen und \u00f6stlich der Weser hinzu. Ganz wesentlich ist dabei der \u00fcberf\u00e4lige Ausbau der Kapazit\u00e4t der Schienenwege in und um den Knoten Bremen, \u00fcber den der Gro\u00dfteil des Eisenbahnverkehrs im Nordwesten abgewickelt wird. Hier sind die bestehenden Kapazit\u00e4ten ausgesch\u00f6pft, l\u00e4ngst beschlossene Ausbauma\u00dfnahmen wie etwa zus\u00e4tzliche Gleise zwischen Bremen-Burg und Langwedel kommen seit Jahren aber nicht voran.<\/p>\n\n\n\n<p>Ebenfalls gefordert wird der Ausbau regionaler Strecken, etwa von Oldenburg nach Osnabr\u00fcck (Elektrifizierung, zweites Gleis) sowie nach Leer (zweites Gleis), von Bremerv\u00f6rde nach Buxtehude (120 km\/h, h\u00f6here Kapazit\u00e4t) oder von Langwedel nach Uelzen (Elektrifizierung, 120 km\/h, Kapazit\u00e4t). Diese Ma\u00dfnahmen dienen nicht nur einem besseren Angebot im Personenverkehr, sondern st\u00e4rken das Netz insgesamt, indem sie dazu beitragen, den Knoten Bremen und die bereits \u00fcberlasteten Hauptstrecken zu entlasten, und gerade bei St\u00f6rungen auch Umleitungen von Z\u00fcgen erm\u00f6glichen. Um europ\u00e4ische F\u00f6rdergerlder f\u00fcr den Ausbau zu erhalten, sollte sich Niedersachsen bem\u00fchen, weitere Strecken in die Transeurop\u00e4ischen Netze (TEN) aufnehmen zu lassen.<\/p>\n\n\n\n<p>Kritisch betrachtet PRO BAHN die Situation der wichtigen Flussbr\u00fccken im Nordwesten. \u201eDie Zerst\u00f6rung der Huntebr\u00fccke in Elsfleth, die massive Auswirkungen auf die Weserh\u00e4fen hat, muss nun endlich ein Weckruf sein\u201c, sagt Vorsitzender Diehl dazu. \u201eSollte dereinst die Oldenburger Huntebr\u00fccke auch l\u00e4ngerfristig ausfallen, w\u00e4re praktisch der gesamte Nordwesten vom Bahnverkehr abgeschnitten. Die Absicht der Deutschen Bahn, hier noch lange Jahre auf einen Neubau zu verzichten, ist unverantwortlich. F\u00fcr Oldenburg muss unverz\u00fcglich mit Planungen f\u00fcr eine feste Huntequerung begonnen werden, und in Elsfleth muss die kaputte Br\u00fccke schnellstm\u00f6glich durch einen besser gesch\u00fctzten Neubau ersetzt werden \u2013 ohne Verz\u00f6gerungen wie bei der Friesenbr\u00fccke.\u201c<\/p>\n\n\n\n<p>F\u00fcr das Zugangebot fordert der Fahrgastverband auch erhebliche Verbesserungen. Auf allen Linien der Regio-S-Bahn im Bremer Einzugsbereich soll zeitnah ein Halbstundentakt, auf dem nachfragest\u00e4rksten Abschnitt der Linie RS 1 von Bremen-Blumenthal bis Achim auch ein Viertelstundentakt realisiert werden. Die verschiedenen geplanten Halte im Bremer Stadtbereich m\u00fcssen endlich vorankommen. Auch rund um Oldenburg muss auf allen Strecken endlich mindestens ein Halbstundentakt angeboten werden. Dazu geh\u00f6rt auch die st\u00fcndliche Verl\u00e4ngerung der Regio-S-Bahn nach Wilhelmshaven und Leer\/Papenburg mit neuen Halten etwa in Ofenerdiek und Drielake. Bremerhaven soll \u00fcber einen neuen, direkten Regionalexpress \u00fcber Bremerv\u00f6rde besser mit Hamburg verbunden werden.<\/p>\n\n\n\n<p>Angesichts des laufenden Reaktivierungsprogramms des Landes Niedersachsen fordert PRO BAHN, dass alle Strecken, die es im Vereinsgebiet in die zweite Runde der Bewertung geschafft haben, am Ende auch tats\u00e4chlich reaktiviert werden. Dies sind in alphabetischer Reihenfolge Bremerhaven \u2013 Bad Bederkesa, Bremerv\u00f6rde \u2013 Rotenburg, Friesoythe \u2013 Cloppenburg, Meppen \u2013 Essen, Nordenham \u2013 Blexen und Zeven \u2013 Tostedt. F\u00fcr Bremerv\u00f6rde \u2013 Stade l\u00e4uft bereits ein beschleunigter Reaktivierungsprozess, den wir nat\u00fcrlich unterst\u00fctzen. Die lokale Politik ist aufgefordert, vor Ort optimale Rahmenbedingungen zu schaffen, damit die Reaktivierungen tats\u00e4chlich vollzogen werden k\u00f6nnen. \u201e\u00dcberall dort, wo die Bahn f\u00e4hrt und einen attraktiven Fahrplan bietet, wird sie auch gut angenommen\u201c, konstatiert Diehl und fordert abschlie\u00dfend: \u201eLand und Bund, die f\u00fcr die Finanzierung zust\u00e4ndig sind, m\u00fcssen endlich ihrer Verantwortung f\u00fcr den Ausbau der Schiene gerecht werden, und das n\u00f6tige Geld f\u00fcr Infrastruktur und Betrieb bereitstellen. Geschieht nichts, werden wir in K\u00fcrze statt \u00fcber Ausbauten sogar \u00fcber Streichungen reden m\u00fcssen.\u201c<\/p>\n\n\n\n<p><strong>Weiterf\u00fchrende Informationen:<\/strong><\/p>\n\n\n\n<ul class=\"wp-block-list\">\n<li><a href=\"https:\/\/probahn-ol-hb.de\/?page_id=857\" data-type=\"page\" data-id=\"857\">Vollst\u00e4ndige Forderungsliste des Regionalverbandes<\/a><\/li>\n\n\n\n<li><a href=\"https:\/\/umap.openstreetmap.de\/de\/map\/forderungen-fahrgastverband-pro-bahn-oldenburger-l_56081?scaleControl=false&amp;miniMap=false&amp;scrollWheelZoom=false&amp;zoomControl=true&amp;editMode=disabled&amp;moreControl=true&amp;searchControl=null&amp;tilelayersControl=null&amp;embedControl=null&amp;datalayersControl=true&amp;onLoadPanel=undefined&amp;captionBar=false&amp;captionMenus=true#10\/52.9987\/8.2349\" data-type=\"link\" data-id=\"https:\/\/umap.openstreetmap.de\/de\/map\/forderungen-fahrgastverband-pro-bahn-oldenburger-l_56081?scaleControl=false&amp;miniMap=false&amp;scrollWheelZoom=false&amp;zoomControl=true&amp;editMode=disabled&amp;moreControl=true&amp;searchControl=null&amp;tilelayersControl=null&amp;embedControl=null&amp;datalayersControl=true&amp;onLoadPanel=undefined&amp;captionBar=false&amp;captionMenus=true#10\/52.9987\/8.2349\" target=\"_blank\" rel=\"noreferrer noopener\">Grafische Aufbereitung auf OpenStreetMaps<\/a><\/li>\n<\/ul>\n","protected":false},"excerpt":{"rendered":"<p>Regionale Mitgliederversammlung des Fahrgastverbandes in Elsfleth Am Sonnabend, 23.03.2024, hat der Regionalverband Oldenburger Land\/Bremen im Fahrgastverband PRO BAHN auf seiner ordentlichen Mitgliederversammlung in Elsfleth einen neuen Vorstand gew\u00e4hlt und einen &#8230;<\/p>\n","protected":false},"author":1,"featured_media":0,"comment_status":"open","ping_status":"open","sticky":false,"template":"","format":"standard","meta":{"footnotes":""},"categories":[1],"tags":[],"class_list":["post-880","post","type-post","status-publish","format-standard","hentry","category-uncategorized"],"_links":{"self":[{"href":"https:\/\/probahn-ol-hb.de\/index.php?rest_route=\/wp\/v2\/posts\/880","targetHints":{"allow":["GET"]}}],"collection":[{"href":"https:\/\/probahn-ol-hb.de\/index.php?rest_route=\/wp\/v2\/posts"}],"about":[{"href":"https:\/\/probahn-ol-hb.de\/index.php?rest_route=\/wp\/v2\/types\/post"}],"author":[{"embeddable":true,"href":"https:\/\/probahn-ol-hb.de\/index.php?rest_route=\/wp\/v2\/users\/1"}],"replies":[{"embeddable":true,"href":"https:\/\/probahn-ol-hb.de\/index.php?rest_route=%2Fwp%2Fv2%2Fcomments&post=880"}],"version-history":[{"count":3,"href":"https:\/\/probahn-ol-hb.de\/index.php?rest_route=\/wp\/v2\/posts\/880\/revisions"}],"predecessor-version":[{"id":887,"href":"https:\/\/probahn-ol-hb.de\/index.php?rest_route=\/wp\/v2\/posts\/880\/revisions\/887"}],"wp:attachment":[{"href":"https:\/\/probahn-ol-hb.de\/index.php?rest_route=%2Fwp%2Fv2%2Fmedia&parent=880"}],"wp:term":[{"taxonomy":"category","embeddable":true,"href":"https:\/\/probahn-ol-hb.de\/index.php?rest_route=%2Fwp%2Fv2%2Fcategories&post=880"},{"taxonomy":"post_tag","embeddable":true,"href":"https:\/\/probahn-ol-hb.de\/index.php?rest_route=%2Fwp%2Fv2%2Ftags&post=880"}],"curies":[{"name":"wp","href":"https:\/\/api.w.org\/{rel}","templated":true}]}}