{"id":668,"date":"2022-06-22T22:33:37","date_gmt":"2022-06-22T20:33:37","guid":{"rendered":"https:\/\/probahn-ol-hb.de\/?p=668"},"modified":"2022-06-22T22:33:37","modified_gmt":"2022-06-22T20:33:37","slug":"den-haltepunkt-ofenerdiek-nicht-vergessen","status":"publish","type":"post","link":"https:\/\/probahn-ol-hb.de\/?p=668","title":{"rendered":"Den Haltepunkt Ofenerdiek nicht vergessen!"},"content":{"rendered":"\n<p>Am 16.06.2022 hat der Regionalverband Oldenburger Land\/Bremen im Fahrgastverband PRO BAHN dem Oldenburger Oberb\u00fcrgermeister J\u00fcrgen Krogmann zusammen mit dem VCD Oldenburg und der Arbeitsgemeinschaft Ofenerdieker Vereine (AGM) eine gemeinsame Resolution \u00fcberreicht, in der die baldige Reaktivierung des Haltepunkts Oldenburg-Ofenerdiek und sein Ausbau zu einer Mobilit\u00e4tsdrehscheibe mit optimierten Busanschl\u00fcssen gefordert wird. Halten soll dort die Regio-S-Bahn, die ab dem kommenden Fahrplanwechsel ohnehin bis nach Wilhelmshaven verl\u00e4ngert wird.<\/p>\n\n\n\n<p>Wir hoffen, mit dieser Resolution einen Schritt nach vorn gemacht zu haben, so dass in einigen Jahren an dieser Stelle, die voraussichtlich ohnehin f\u00fcr eine Stra\u00dfenunterf\u00fchrung umgebaut werden wird, der dritte Oldenburger Eisenbahnhalt er\u00f6ffnet wird. Ein wesentliches Hindernis dabei, das derzeit auch einen Stundentakt der Regio-S-Bahn bis Wilhelmshaven verhindert, ist der fehlende Mittelbahnsteig in Sande. Wird dieser nach jahrelangen Forderungen endlich gebaut, steht einer zun\u00e4chst st\u00fcndlichen Bedienung Ofenerdieks mit direkten Z\u00fcgen nach Bremen nichts mehr im Wege. Langfristig w\u00fcnscht sich PRO BAHN hier sogar einen Halbstundentakt, um den Schienenverkehr in diesem Stadtteil mit 17.000 Einwohnern wirklich attraktiv zu machen.<\/p>\n\n\n\n<p>Anbei finden Sie die Resolution sowie Links zu den Presseberichten:<\/p>\n\n\n\n<ul class=\"wp-block-list\"><li><a rel=\"noreferrer noopener\" href=\"https:\/\/probahn-ol-hb.de\/wp-content\/uploads\/2022\/06\/Resolution-Haltepunkt-Ofenerdiek.pdf\" data-type=\"attachment\" data-id=\"670\" target=\"_blank\">Resolution &#8222;Den Haltepunkt Ofenerdiek nicht vergessen!&#8220;<\/a><\/li><li><a href=\"https:\/\/probahn-ol-hb.de\/wp-content\/uploads\/2022\/06\/Regio-S-Bahn-Wilhelmshaven-mit-Ofenerdiek.pdf\" data-type=\"URL\" data-id=\"https:\/\/probahn-ol-hb.de\/wp-content\/uploads\/2022\/06\/Regio-S-Bahn-Wilhelmshaven-mit-Ofenerdiek.pdf\" target=\"_blank\" rel=\"noreferrer noopener\">M\u00f6gliche Fahrplankonzepte f\u00fcr den Haltepunkt Ofenerdiek<\/a><\/li><li><a href=\"https:\/\/www.nwzonline.de\/oldenburg\/oldenburg-bahnanbindung-haltepunkt-ofenerdiek-nicht-vergessen_a_51,8,98183223.html?\" target=\"_blank\" rel=\"noreferrer noopener\">Bericht in der Nordwest-Zeitung vom 17.06.2022<\/a><\/li><li><a href=\"https:\/\/www.nwzonline.de\/oldenburg\/oldenburg-bahnanbindung-haltepunkt-ofenerdiek-nicht-vergessen_a_51,8,98183223.html?\" target=\"_blank\" rel=\"noreferrer noopener\">Bericht in oeins vom 17.06.2022<\/a><\/li><\/ul>\n","protected":false},"excerpt":{"rendered":"<p>Am 16.06.2022 hat der Regionalverband Oldenburger Land\/Bremen im Fahrgastverband PRO BAHN dem Oldenburger Oberb\u00fcrgermeister J\u00fcrgen Krogmann zusammen mit dem VCD Oldenburg und der Arbeitsgemeinschaft Ofenerdieker Vereine (AGM) eine gemeinsame Resolution &#8230;<\/p>\n","protected":false},"author":1,"featured_media":0,"comment_status":"open","ping_status":"open","sticky":false,"template":"","format":"standard","meta":{"footnotes":""},"categories":[1],"tags":[],"class_list":["post-668","post","type-post","status-publish","format-standard","hentry","category-uncategorized"],"_links":{"self":[{"href":"https:\/\/probahn-ol-hb.de\/index.php?rest_route=\/wp\/v2\/posts\/668","targetHints":{"allow":["GET"]}}],"collection":[{"href":"https:\/\/probahn-ol-hb.de\/index.php?rest_route=\/wp\/v2\/posts"}],"about":[{"href":"https:\/\/probahn-ol-hb.de\/index.php?rest_route=\/wp\/v2\/types\/post"}],"author":[{"embeddable":true,"href":"https:\/\/probahn-ol-hb.de\/index.php?rest_route=\/wp\/v2\/users\/1"}],"replies":[{"embeddable":true,"href":"https:\/\/probahn-ol-hb.de\/index.php?rest_route=%2Fwp%2Fv2%2Fcomments&post=668"}],"version-history":[{"count":1,"href":"https:\/\/probahn-ol-hb.de\/index.php?rest_route=\/wp\/v2\/posts\/668\/revisions"}],"predecessor-version":[{"id":671,"href":"https:\/\/probahn-ol-hb.de\/index.php?rest_route=\/wp\/v2\/posts\/668\/revisions\/671"}],"wp:attachment":[{"href":"https:\/\/probahn-ol-hb.de\/index.php?rest_route=%2Fwp%2Fv2%2Fmedia&parent=668"}],"wp:term":[{"taxonomy":"category","embeddable":true,"href":"https:\/\/probahn-ol-hb.de\/index.php?rest_route=%2Fwp%2Fv2%2Fcategories&post=668"},{"taxonomy":"post_tag","embeddable":true,"href":"https:\/\/probahn-ol-hb.de\/index.php?rest_route=%2Fwp%2Fv2%2Ftags&post=668"}],"curies":[{"name":"wp","href":"https:\/\/api.w.org\/{rel}","templated":true}]}}