{"id":653,"date":"2022-06-06T21:03:39","date_gmt":"2022-06-06T19:03:39","guid":{"rendered":"https:\/\/probahn-ol-hb.de\/?p=653"},"modified":"2022-06-06T21:03:39","modified_gmt":"2022-06-06T19:03:39","slug":"pro-bahn-bei-saisonauftakt-von-jan-harpstedt","status":"publish","type":"post","link":"https:\/\/probahn-ol-hb.de\/?p=653","title":{"rendered":"PRO BAHN bei Saisonauftakt von &#8222;Jan Harpstedt&#8220;"},"content":{"rendered":"\n<p>Der Regionalverband Oldenburger Land\/Bremen hat den Saisonauftakt der historischen Kleinbahn &#8222;Jan Harpstedt&#8220; am Pfingstsonntag genutzt, um mit einem Infostand auf seine Rolle als Fahrgastvertretung aufmerksam zu machen und mit den Fahrg\u00e4sten der Museumsbahn ins Gespr\u00e4ch zu kommen. Dabei wurde mittels eines Fragebogens auch die Bewertung des \u00f6ffentlichen Personenverkehrs durch die Reisenden abgefragt. Dies soll bei Gelegenheit an anderer Stelle fortgesetzt werden, um daraus die zentralen W\u00fcnsche und N\u00f6te der Fahrg\u00e4ste zu ermitteln und damit die n\u00e4chsten Aktivit\u00e4ten des Verbandes abzuleiten. Die folgenden Bilder liefern ein paar Eindr\u00fccke aus Harpstedt, dem Startbahnhof der Museumsbahn.<\/p>\n\n\n\n<p>Wer mit dem \u00f6ffentlichen Nahverkehr nach Harpstedt anreisen wollte, hatte \u00fcbrigens schlechte Karten: Die Busverbindung, die unter der Woche \u00fcblicherweise immerhin fast st\u00fcndlich Harptstedt mit Bremen und Wildeshausen verbindet, verkehrt sonn- und feiertags n\u00e4mlich nicht, wie dem ebenfalls beigef\u00fcgten Fahrplan der gegen\u00fcberliegenden Bushaltestellt zu entnehmen ist. So viel zum Stand der Verkehrswende auf dem Lande.<\/p>\n\n\n\n<figure class=\"wp-block-gallery has-nested-images columns-1 is-cropped wp-block-gallery-1 is-layout-flex wp-block-gallery-is-layout-flex\">\n<figure class=\"wp-block-image size-large\"><a href=\"https:\/\/probahn-ol-hb.de\/wp-content\/uploads\/2022\/06\/20220605_131533-scaled.jpg\"><img loading=\"lazy\" decoding=\"async\" width=\"1024\" height=\"577\" data-id=\"654\" src=\"https:\/\/probahn-ol-hb.de\/wp-content\/uploads\/2022\/06\/20220605_131533-1024x577.jpg\" alt=\"\" class=\"wp-image-654\" srcset=\"https:\/\/probahn-ol-hb.de\/wp-content\/uploads\/2022\/06\/20220605_131533-1024x577.jpg 1024w, https:\/\/probahn-ol-hb.de\/wp-content\/uploads\/2022\/06\/20220605_131533-300x169.jpg 300w, https:\/\/probahn-ol-hb.de\/wp-content\/uploads\/2022\/06\/20220605_131533-768x432.jpg 768w, https:\/\/probahn-ol-hb.de\/wp-content\/uploads\/2022\/06\/20220605_131533-1536x865.jpg 1536w, https:\/\/probahn-ol-hb.de\/wp-content\/uploads\/2022\/06\/20220605_131533-2048x1153.jpg 2048w\" sizes=\"auto, (max-width: 1024px) 100vw, 1024px\" \/><\/a><figcaption>PRO BAHN am Infostand in Harpstedt<\/figcaption><\/figure>\n\n\n\n<figure class=\"wp-block-image size-large is-style-default\"><a href=\"https:\/\/probahn-ol-hb.de\/wp-content\/uploads\/2022\/06\/20220605_135933-scaled.jpg\"><img loading=\"lazy\" decoding=\"async\" width=\"1024\" height=\"577\" data-id=\"656\" src=\"https:\/\/probahn-ol-hb.de\/wp-content\/uploads\/2022\/06\/20220605_135933-1024x577.jpg\" alt=\"\" class=\"wp-image-656\" srcset=\"https:\/\/probahn-ol-hb.de\/wp-content\/uploads\/2022\/06\/20220605_135933-1024x577.jpg 1024w, https:\/\/probahn-ol-hb.de\/wp-content\/uploads\/2022\/06\/20220605_135933-300x169.jpg 300w, https:\/\/probahn-ol-hb.de\/wp-content\/uploads\/2022\/06\/20220605_135933-768x432.jpg 768w, https:\/\/probahn-ol-hb.de\/wp-content\/uploads\/2022\/06\/20220605_135933-1536x865.jpg 1536w, https:\/\/probahn-ol-hb.de\/wp-content\/uploads\/2022\/06\/20220605_135933-2048x1153.jpg 2048w\" sizes=\"auto, (max-width: 1024px) 100vw, 1024px\" \/><\/a><figcaption>Bereit zur Abfahrt nach Delmenhorst<\/figcaption><\/figure>\n\n\n\n<figure class=\"wp-block-image size-large\"><a href=\"https:\/\/probahn-ol-hb.de\/wp-content\/uploads\/2022\/06\/20220605_161242-scaled.jpg\"><img loading=\"lazy\" decoding=\"async\" width=\"1024\" height=\"577\" data-id=\"658\" src=\"https:\/\/probahn-ol-hb.de\/wp-content\/uploads\/2022\/06\/20220605_161242-1024x577.jpg\" alt=\"\" class=\"wp-image-658\" srcset=\"https:\/\/probahn-ol-hb.de\/wp-content\/uploads\/2022\/06\/20220605_161242-1024x577.jpg 1024w, https:\/\/probahn-ol-hb.de\/wp-content\/uploads\/2022\/06\/20220605_161242-300x169.jpg 300w, https:\/\/probahn-ol-hb.de\/wp-content\/uploads\/2022\/06\/20220605_161242-768x432.jpg 768w, https:\/\/probahn-ol-hb.de\/wp-content\/uploads\/2022\/06\/20220605_161242-1536x865.jpg 1536w, https:\/\/probahn-ol-hb.de\/wp-content\/uploads\/2022\/06\/20220605_161242-2048x1153.jpg 2048w\" sizes=\"auto, (max-width: 1024px) 100vw, 1024px\" \/><\/a><figcaption>Die R\u00fcckfahrt aus Delmenhorst trifft ein.<\/figcaption><\/figure>\n\n\n\n<figure class=\"wp-block-image size-large\"><a href=\"https:\/\/probahn-ol-hb.de\/wp-content\/uploads\/2022\/06\/20220605_163605.jpg\"><img loading=\"lazy\" decoding=\"async\" width=\"696\" height=\"1024\" data-id=\"659\" src=\"https:\/\/probahn-ol-hb.de\/wp-content\/uploads\/2022\/06\/20220605_163605-696x1024.jpg\" alt=\"\" class=\"wp-image-659\" srcset=\"https:\/\/probahn-ol-hb.de\/wp-content\/uploads\/2022\/06\/20220605_163605-696x1024.jpg 696w, https:\/\/probahn-ol-hb.de\/wp-content\/uploads\/2022\/06\/20220605_163605-204x300.jpg 204w, https:\/\/probahn-ol-hb.de\/wp-content\/uploads\/2022\/06\/20220605_163605-768x1129.jpg 768w, https:\/\/probahn-ol-hb.de\/wp-content\/uploads\/2022\/06\/20220605_163605-1044x1536.jpg 1044w, https:\/\/probahn-ol-hb.de\/wp-content\/uploads\/2022\/06\/20220605_163605-1393x2048.jpg 1393w, https:\/\/probahn-ol-hb.de\/wp-content\/uploads\/2022\/06\/20220605_163605.jpg 1632w\" sizes=\"auto, (max-width: 696px) 100vw, 696px\" \/><\/a><figcaption>Sonntags f\u00e4hrt kein Bus nach Harpstedt<\/figcaption><\/figure>\n<\/figure>\n","protected":false},"excerpt":{"rendered":"<p>Der Regionalverband Oldenburger Land\/Bremen hat den Saisonauftakt der historischen Kleinbahn &#8222;Jan Harpstedt&#8220; am Pfingstsonntag genutzt, um mit einem Infostand auf seine Rolle als Fahrgastvertretung aufmerksam zu machen und mit den &#8230;<\/p>\n","protected":false},"author":1,"featured_media":0,"comment_status":"open","ping_status":"open","sticky":false,"template":"","format":"standard","meta":{"footnotes":""},"categories":[1],"tags":[],"class_list":["post-653","post","type-post","status-publish","format-standard","hentry","category-uncategorized"],"_links":{"self":[{"href":"https:\/\/probahn-ol-hb.de\/index.php?rest_route=\/wp\/v2\/posts\/653","targetHints":{"allow":["GET"]}}],"collection":[{"href":"https:\/\/probahn-ol-hb.de\/index.php?rest_route=\/wp\/v2\/posts"}],"about":[{"href":"https:\/\/probahn-ol-hb.de\/index.php?rest_route=\/wp\/v2\/types\/post"}],"author":[{"embeddable":true,"href":"https:\/\/probahn-ol-hb.de\/index.php?rest_route=\/wp\/v2\/users\/1"}],"replies":[{"embeddable":true,"href":"https:\/\/probahn-ol-hb.de\/index.php?rest_route=%2Fwp%2Fv2%2Fcomments&post=653"}],"version-history":[{"count":7,"href":"https:\/\/probahn-ol-hb.de\/index.php?rest_route=\/wp\/v2\/posts\/653\/revisions"}],"predecessor-version":[{"id":666,"href":"https:\/\/probahn-ol-hb.de\/index.php?rest_route=\/wp\/v2\/posts\/653\/revisions\/666"}],"wp:attachment":[{"href":"https:\/\/probahn-ol-hb.de\/index.php?rest_route=%2Fwp%2Fv2%2Fmedia&parent=653"}],"wp:term":[{"taxonomy":"category","embeddable":true,"href":"https:\/\/probahn-ol-hb.de\/index.php?rest_route=%2Fwp%2Fv2%2Fcategories&post=653"},{"taxonomy":"post_tag","embeddable":true,"href":"https:\/\/probahn-ol-hb.de\/index.php?rest_route=%2Fwp%2Fv2%2Ftags&post=653"}],"curies":[{"name":"wp","href":"https:\/\/api.w.org\/{rel}","templated":true}]}}