{"id":636,"date":"2022-03-06T16:49:26","date_gmt":"2022-03-06T14:49:26","guid":{"rendered":"https:\/\/probahn-ol-hb.de\/?p=636"},"modified":"2022-03-06T16:49:57","modified_gmt":"2022-03-06T14:49:57","slug":"pro-bahn-waehlt-neuen-regionalen-vorstand","status":"publish","type":"post","link":"https:\/\/probahn-ol-hb.de\/?p=636","title":{"rendered":"<strong>PRO BAHN w\u00e4hlt neuen regionalen Vorstand<\/strong>"},"content":{"rendered":"\n<p><a href=\"https:\/\/probahn-ol-hb.de\/wp-content\/uploads\/2022\/03\/PM-Neuer-Vorstand-2022.pdf\" data-type=\"URL\" data-id=\"https:\/\/probahn-ol-hb.de\/wp-content\/uploads\/2022\/03\/PM-Neuer-Vorstand-2022.pdf\" target=\"_blank\" rel=\"noreferrer noopener\">Pressemitteilung als PDF hier herunterladen<\/a><\/p>\n\n\n\n<p class=\"has-drop-cap\">Der Regionalverband Oldenburger Land\/Bremen des Fahrgastverbandes PRO BAHN hat am gestrigen Samstag auf seiner Mitgliederversammlung in Elsfleth einen neuen Vorstand f\u00fcr die n\u00e4chsten zwei Jahre gew\u00e4hlt. Erneut zum Vorsitzenden gew\u00e4hlt wurde Malte Diehl aus Oldenburg, der das Amt seit 2020 bekleidet. Stellvertreter sind nun Ingo Fran\u00dfen aus Bremen und Matthias Handschuch aus Oldenburg. Werner Stommel aus Wildeshausen bleibt Schatzmeister. Zu Beisitzern gew\u00e4hlt wurden Angela Fehrmann-Resse, Bj\u00f6rn H\u00f6rmann und Ulrich Schwarzer, alle aus Oldenburg.<\/p>\n\n\n\n<p>Nicht mehr angetreten sind Eckhardt Ritter, Vorsitzender bis 2020 und seitdem Stellvertreter, sowie J\u00f6rg Wei\u00dfmann. Sie werden aber weiter aktiv bleiben. Der neue Vorstand bedankt sich bei Ihnen herzlich f\u00fcr die geleistete Arbeit.<\/p>\n\n\n\n<p>Auf der Sitzung wurden zudem verschiedene verkehrspolitische Forderungen beschlossen, die auch den Tagungsort Elsfleth und die Wesermarsch betreffen und in der weiteren Arbeit des Verbandes verfolgt werden sollen:<\/p>\n\n\n\n<ul class=\"wp-block-list\"><li>Die Regio-S-Bahn Niedersachsen\/Bremen soll weiter ausgebaut werden. PRO BAHN kritisiert aber, dass ab dem kommenden Fahrplanwechsel die Nordenhamer Linie zwischen Hude und Bremen \u00fcberall halten soll. \u201eDie l\u00e4ngere Fahrzeit wird Fahrg\u00e4ste aus der Wesermarsch abschrecken. Als seinerzeit die Linie beschleunigt wurde, brachte das gut ein Drittel mehr Fahrg\u00e4ste\u201c, f\u00fchrt dazu der Vorsitzende Malte Diehl aus. \u201eWir unterst\u00fctzen, dass kleine Halte wie Bookholzberg halbst\u00fcndlich bedient werden. Dies sollte jedoch geschehen, indem die RS 3 zus\u00e4tzlich zu RE, IC und der neuen, beschleunigten RS 3X halbst\u00fcndlich zwischen Oldenburg und Bremen pendelt, w\u00e4hrend die RS 4 nach Nordenham ab Hude nur noch in Delmenhorst h\u00e4lt wie bisher.\u201c<\/li><li>Ferner fordert PRO BAHN die Einrichtung neuer Halte f\u00fcr die Regio-S-Bahn in Bremen-Huchting und Oldenburg-Drielake, um mehr Menschen an die Bahn anzubinden. Huchting mit rund 30.000 Einwohnern hat bislang \u00fcberhaupt keinen Zugang zur Eisenbahn, w\u00e4hrend ein Haltepunkt in Drielake den gesamten Oldenburger S\u00fcden erschlie\u00dfen und vielen Menschen den umst\u00e4ndlichen Umweg zum Oldenburger Hauptbahnhof ersparen k\u00f6nnte.<\/li><li>Eine weitere Forderung lautet, den VBN-Tarif attraktiver zu gestalten. PRO BAHN fordert daher die Anerkennung der BahnCard in allen VBN-Verkehrsmitteln, die Eingliederung der Weserf\u00e4hren in den VBN sowie einen Luftlinientarif. Letztgenannter Tarif soll daf\u00fcr sorgen, dass alle \u00fcblichen Fahrtrouten zwischen zwei Orten immer gleich viel kosten, auch wenn sie unterschiedlich viele Tarifzonen durchqueren. \u201eMan kann zum Beispiel von Oldenburg nach Bremerhaven sinnvollerweise sowohl mit dem Bus \u00fcber Brake als auch mit dem Zug \u00fcber Bremen. Jedoch ist der Weg \u00fcber Bremen um 2,50 \u20ac teurer\u201c, erkl\u00e4rt Diehl die Situation. \u201eMan muss also gut aufpassen, dass man nicht versehentlich schwarzf\u00e4hrt, weil man nichtsahnend die billigere Fahrkarte gekauft hat.\u201c Schlie\u00dflich w\u00fcrde es PRO BAHN auch sehr begr\u00fc\u00dfen, wenn in Bremen analog zum Oldenburger Vorbild der Stadttarif auf bestimmte Linien au\u00dferhalb der Stadtgrenzen ausgeweitet w\u00fcrde, etwa nach Lilienthal, um Preisspr\u00fcnge zu vermeiden.<\/li><\/ul>\n\n\n\n<p><\/p>\n","protected":false},"excerpt":{"rendered":"<p>Pressemitteilung als PDF hier herunterladen Der Regionalverband Oldenburger Land\/Bremen des Fahrgastverbandes PRO BAHN hat am gestrigen Samstag auf seiner Mitgliederversammlung in Elsfleth einen neuen Vorstand f\u00fcr die n\u00e4chsten zwei Jahre &#8230;<\/p>\n","protected":false},"author":1,"featured_media":0,"comment_status":"open","ping_status":"open","sticky":false,"template":"","format":"standard","meta":{"footnotes":""},"categories":[1],"tags":[],"class_list":["post-636","post","type-post","status-publish","format-standard","hentry","category-uncategorized"],"_links":{"self":[{"href":"https:\/\/probahn-ol-hb.de\/index.php?rest_route=\/wp\/v2\/posts\/636","targetHints":{"allow":["GET"]}}],"collection":[{"href":"https:\/\/probahn-ol-hb.de\/index.php?rest_route=\/wp\/v2\/posts"}],"about":[{"href":"https:\/\/probahn-ol-hb.de\/index.php?rest_route=\/wp\/v2\/types\/post"}],"author":[{"embeddable":true,"href":"https:\/\/probahn-ol-hb.de\/index.php?rest_route=\/wp\/v2\/users\/1"}],"replies":[{"embeddable":true,"href":"https:\/\/probahn-ol-hb.de\/index.php?rest_route=%2Fwp%2Fv2%2Fcomments&post=636"}],"version-history":[{"count":2,"href":"https:\/\/probahn-ol-hb.de\/index.php?rest_route=\/wp\/v2\/posts\/636\/revisions"}],"predecessor-version":[{"id":639,"href":"https:\/\/probahn-ol-hb.de\/index.php?rest_route=\/wp\/v2\/posts\/636\/revisions\/639"}],"wp:attachment":[{"href":"https:\/\/probahn-ol-hb.de\/index.php?rest_route=%2Fwp%2Fv2%2Fmedia&parent=636"}],"wp:term":[{"taxonomy":"category","embeddable":true,"href":"https:\/\/probahn-ol-hb.de\/index.php?rest_route=%2Fwp%2Fv2%2Fcategories&post=636"},{"taxonomy":"post_tag","embeddable":true,"href":"https:\/\/probahn-ol-hb.de\/index.php?rest_route=%2Fwp%2Fv2%2Ftags&post=636"}],"curies":[{"name":"wp","href":"https:\/\/api.w.org\/{rel}","templated":true}]}}