{"id":632,"date":"2022-02-20T17:00:27","date_gmt":"2022-02-20T15:00:27","guid":{"rendered":"https:\/\/probahn-ol-hb.de\/?p=632"},"modified":"2022-02-20T17:00:27","modified_gmt":"2022-02-20T15:00:27","slug":"intercity-nach-bremerhaven-attraktiver-machen","status":"publish","type":"post","link":"https:\/\/probahn-ol-hb.de\/?p=632","title":{"rendered":"Intercity nach Bremerhaven attraktiver machen!"},"content":{"rendered":"\n<p class=\"has-medium-font-size\"><strong>PRO BAHN sieht Gefahr der Einstellung nach zweij\u00e4hriger Probezeit<\/strong><\/p>\n\n\n\n<p class=\"has-drop-cap\">Der Fahrgastverband PRO BAHN sorgt sich um die Fortf\u00fchrung des Intercity-Zugpaares zwischen K\u00f6ln und Bremerhaven, das erst zum letzten Fahrplanwechsel im Dezember 2021 eingef\u00fchrt wurde. Stichprobenartige Mitfahrten und Kontrollen legen \u2013 auch unter Ber\u00fccksichtigung des Corona-Effektes \u2013 eine sehr niedrige Auslastung nahe. Ohne Gegensteuern sieht PRO BAHN die Zukunft des Zuges als gef\u00e4hrdet an und bef\u00fcrchtet, dass nach der zweij\u00e4hrigen Testphase Bremerhaven wieder ohne Fernverkehrsanbindung dasteht.<\/p>\n\n\n\n<p>Malte Diehl, regionaler Vorsitzender von PRO BAHN, sagt dazu: \u201eWir rufen die Verantwortlichen bei DB Fernverkehr sowie die lokalen Politiker entlang der Strecke auf, den Zug durch gezielte Ma\u00dfnahmen attraktiver zu machen und mehr Fahrg\u00e4ste anzuziehen. Sollte es zu einer Einstellung dieses Intercitys kommen, k\u00f6nnte dies bedeuten, dass Bremerhaven und auch Cuxhaven wieder f\u00fcr Jahrzehnte keine Anbindung an den Fernverkehr erhalten. Auch die im Deutschlandtakt angedachte Verl\u00e4ngerung der ICE-Linie aus M\u00fcnchen nach Bremerhaven d\u00fcrfte dann hinf\u00e4llig sein.\u201c<\/p>\n\n\n\n<p>PRO BAHN verweist darauf, dass der Zug ein freiwilliges Angebot von DB Fernverkehr ist, das sich finanziell allein durch Fahrgeldeinnahmen selbst tragen muss. Anders als der Regionalverkehr erh\u00e4lt der Zug keinerlei staatliche Zusch\u00fcsse. Der Fahrgastverband sieht aber verschiedene M\u00e4ngel in der Konzeption des Zuges, von denen wenigstens einige schnell abgestellt werden k\u00f6nnten.<\/p>\n\n\n\n<p>\u201eDerzeit l\u00e4uft der Intercity zwischen Bremerhaven und M\u00fcnster au\u00dferhalb des Taktgef\u00fcges und hat daher kaum Anschl\u00fcsse zu anderen Linien. Insbesondere von und nach Cuxhaven als wichtigem Urlaubsziel sind die Umsteigezeiten in Bremerhaven inakzeptabel\u201c, erl\u00e4utert Diehl die problematische Situation. \u201eWeil f\u00fcr den Zug auch nur der Fernverkehrstarif gilt, nicht aber Niedersachsen- und VBN-Tarif, k\u00f6nnen ihn zahlreiche Reisende nicht nutzen. Gerade bei derartigen Einzelz\u00fcgen ist eine solche tarifliche Integration aber ganz wesentlich f\u00fcr den Erfolg.\u201c<\/p>\n\n\n\n<p>PRO BAHN unterbreitet daher folgende konkreten Verbesserungsvorschl\u00e4ge, um die Zukunft des Zuges sicherzustellen und m\u00f6glicherweise weiteren Fernverkehr in die Region zu locken:<\/p>\n\n\n\n<ul class=\"wp-block-list\"><li><strong>Bessere Anschl\u00fcsse in Bremerhaven:<\/strong> Weder die Z\u00fcge aus Cuxhaven noch die aus Buxtehude haben derzeit Anschluss an den IC. F\u00fcr die Buxtehuder Z\u00fcge k\u00f6nnte das Problem gel\u00f6st werden, indem deren Zeitlage leicht angepasst wird und der IC zus\u00e4tzlich in Bremerhaven-Wulsdorf h\u00e4lt. F\u00fcr Cuxhaven k\u00e4me ein zus\u00e4tzliches, auf diesen Anschluss ausgerichtetes Zugpaar in Frage.<\/li><li><strong>Integration in den Nahverkehrstarif:<\/strong> N\u00f6rdlich von Bremen Hbf sollten in diesem Zug analog zu den Intercitys Richtung Emden Nahverkehrsfahrkarten vollumf\u00e4nglich anerkannt werden. Dadurch k\u00f6nnten deutlich mehr Menschen den Zug nutzen, und ein Teil der Einnahmen k\u00e4me DB Fernverkehr zugute.<\/li><li><strong>Zus\u00e4tzliche Halte in Syke und Diepholz:<\/strong> Der Fahrplan des Zuges ist zwischen Bremen und Osnabr\u00fcck sehr gro\u00dfz\u00fcgig ausgelegt und enth\u00e4lt viel Puffer. Dieser k\u00f6nnte genutzt werden, um zus\u00e4tzliche Halte in den Mittelzentren Syke und Diepholz zu realisieren. Syke (25.000 Einwohner) wird derzeit gar nicht vom Fernverkehr bedient, Diepholz (17.000 Einwohner, Fernbahnhof f\u00fcr Vechta und Lohne mit zusammen 60.000 Einwohnern) nur von wenigen Z\u00fcgen.<\/li><li><strong>Korrespondenz zum Intercity Norddeich \u2013 Frankfurt in M\u00fcnster:<\/strong> Die Intercitys Bremerhaven \u2013 K\u00f6ln sowie Norddeich \u2013 Frankfurt treffen in beiden Richtungen zeitgleich in M\u00fcnster ein, haben aber keinen Anschluss untereinander. Durch eine Verl\u00e4ngerung der Haltezeiten um wenige Minuten lie\u00dfe sich das \u00e4ndern. Bremerhaven erhielte somit eine attraktive Verbindung mit einem einzigen Umstieg \u00fcber das Siegerland nach Frankfurt.<\/li><\/ul>\n\n\n\n<p>Auf Basis dieser und gegebenenfalls weiterer Vorschl\u00e4ge sollte die Lokalpolitik das Gespr\u00e4ch mit Deutscher Bahn und \u2013 weil Nahverkehrsleistungen vom Land finanziert werden \u2013 der Landesnahverkehrsgesellschaft (LNVG) in Hannover suchen. Gelingt es, einige Verbesserungen umzusetzen, erh\u00f6hen sich die Chancen, dass dieser Intercity l\u00e4ngerfristig nach Bremerhaven und \u2013 nach Elektrifizierung \u2013 vielleicht sogar nach Cuxhaven f\u00e4hrt, deutlich.<\/p>\n\n\n\n<p><a href=\"https:\/\/probahn-ol-hb.de\/wp-content\/uploads\/2022\/02\/PM-IC-nach-Bremerhaven.pdf\" data-type=\"URL\" data-id=\"https:\/\/probahn-ol-hb.de\/wp-content\/uploads\/2022\/02\/PM-IC-nach-Bremerhaven.pdf\" target=\"_blank\" rel=\"noreferrer noopener\">Die Pressemitteilung k\u00f6nnen Sie hier als PDF herunterladen.<\/a><\/p>\n","protected":false},"excerpt":{"rendered":"<p>PRO BAHN sieht Gefahr der Einstellung nach zweij\u00e4hriger Probezeit Der Fahrgastverband PRO BAHN sorgt sich um die Fortf\u00fchrung des Intercity-Zugpaares zwischen K\u00f6ln und Bremerhaven, das erst zum letzten Fahrplanwechsel im &#8230;<\/p>\n","protected":false},"author":1,"featured_media":0,"comment_status":"open","ping_status":"open","sticky":false,"template":"","format":"standard","meta":{"footnotes":""},"categories":[1],"tags":[],"class_list":["post-632","post","type-post","status-publish","format-standard","hentry","category-uncategorized"],"_links":{"self":[{"href":"https:\/\/probahn-ol-hb.de\/index.php?rest_route=\/wp\/v2\/posts\/632","targetHints":{"allow":["GET"]}}],"collection":[{"href":"https:\/\/probahn-ol-hb.de\/index.php?rest_route=\/wp\/v2\/posts"}],"about":[{"href":"https:\/\/probahn-ol-hb.de\/index.php?rest_route=\/wp\/v2\/types\/post"}],"author":[{"embeddable":true,"href":"https:\/\/probahn-ol-hb.de\/index.php?rest_route=\/wp\/v2\/users\/1"}],"replies":[{"embeddable":true,"href":"https:\/\/probahn-ol-hb.de\/index.php?rest_route=%2Fwp%2Fv2%2Fcomments&post=632"}],"version-history":[{"count":1,"href":"https:\/\/probahn-ol-hb.de\/index.php?rest_route=\/wp\/v2\/posts\/632\/revisions"}],"predecessor-version":[{"id":634,"href":"https:\/\/probahn-ol-hb.de\/index.php?rest_route=\/wp\/v2\/posts\/632\/revisions\/634"}],"wp:attachment":[{"href":"https:\/\/probahn-ol-hb.de\/index.php?rest_route=%2Fwp%2Fv2%2Fmedia&parent=632"}],"wp:term":[{"taxonomy":"category","embeddable":true,"href":"https:\/\/probahn-ol-hb.de\/index.php?rest_route=%2Fwp%2Fv2%2Fcategories&post=632"},{"taxonomy":"post_tag","embeddable":true,"href":"https:\/\/probahn-ol-hb.de\/index.php?rest_route=%2Fwp%2Fv2%2Ftags&post=632"}],"curies":[{"name":"wp","href":"https:\/\/api.w.org\/{rel}","templated":true}]}}