{"id":607,"date":"2021-12-04T18:20:27","date_gmt":"2021-12-04T16:20:27","guid":{"rendered":"https:\/\/probahn-ol-hb.de\/?p=607"},"modified":"2021-12-04T18:21:22","modified_gmt":"2021-12-04T16:21:22","slug":"interview-bei-radio-90-4","status":"publish","type":"post","link":"https:\/\/probahn-ol-hb.de\/?p=607","title":{"rendered":"Interview bei Radio 90.4"},"content":{"rendered":"\n<p>Im Rahmen der Sendereihe &#8222;Das Leben ist kein Ponyhof&#8220; war Malte Diehl von PRO BAHN zu Gast bei Radio 90.4. Dort wurde er als Vorsitzender des hiesigen Regionalverbands und des Landesverbands Niedersachsen\/Bremen von J\u00fcrgen Grobbin interviewt.  Das Gespr\u00e4ch wird am 05.12.21 um 12 Uhr nach den Nachrichten und am 08.12.21 um 18 Uhr ausgestrahlt. Nat\u00fcrlich ist es danach auch in der Audiothek des Senders verf\u00fcgbar.<\/p>\n\n\n\n<p>Wenn Sie wissen m\u00f6chten, was PRO BAHN ist und was wir in unserer ehrenamtlichen Arbeit tun, h\u00f6ren Sie gerne mal rein. Wenn Sie Fragen oder R\u00fcckmeldungen haben, kontaktieren Sie uns gerne unter <a href=\"mailto:info@probahn-ol-hb.de\" target=\"_blank\" rel=\"noreferrer noopener\">info@probahn-ol-hb.de<\/a>. <\/p>\n\n\n\n<figure class=\"wp-block-embed is-type-wp-embed is-provider-radio-90-vier wp-block-embed-radio-90-vier\"><div class=\"wp-block-embed__wrapper\">\n<blockquote class=\"wp-embedded-content\" data-secret=\"608B98MVYm\"><a href=\"https:\/\/www.radio90vier.de\/programm\/das-leben-ist-kein-ponyhof\/\">Das Leben ist kein Ponyhof<\/a><\/blockquote><iframe loading=\"lazy\" class=\"wp-embedded-content\" sandbox=\"allow-scripts\" security=\"restricted\" style=\"position: absolute; clip: rect(1px, 1px, 1px, 1px);\" title=\"&#8222;Das Leben ist kein Ponyhof&#8220; &#8212; Radio 90.vier\" src=\"https:\/\/www.radio90vier.de\/programm\/das-leben-ist-kein-ponyhof\/embed\/#?secret=608B98MVYm\" data-secret=\"608B98MVYm\" width=\"600\" height=\"338\" frameborder=\"0\" marginwidth=\"0\" marginheight=\"0\" scrolling=\"no\"><\/iframe>\n<\/div><\/figure>\n","protected":false},"excerpt":{"rendered":"<p>Im Rahmen der Sendereihe &#8222;Das Leben ist kein Ponyhof&#8220; war Malte Diehl von PRO BAHN zu Gast bei Radio 90.4. Dort wurde er als Vorsitzender des hiesigen Regionalverbands und des &#8230;<\/p>\n","protected":false},"author":1,"featured_media":0,"comment_status":"open","ping_status":"open","sticky":true,"template":"","format":"standard","meta":{"footnotes":""},"categories":[1],"tags":[],"class_list":["post-607","post","type-post","status-publish","format-standard","hentry","category-uncategorized"],"_links":{"self":[{"href":"https:\/\/probahn-ol-hb.de\/index.php?rest_route=\/wp\/v2\/posts\/607","targetHints":{"allow":["GET"]}}],"collection":[{"href":"https:\/\/probahn-ol-hb.de\/index.php?rest_route=\/wp\/v2\/posts"}],"about":[{"href":"https:\/\/probahn-ol-hb.de\/index.php?rest_route=\/wp\/v2\/types\/post"}],"author":[{"embeddable":true,"href":"https:\/\/probahn-ol-hb.de\/index.php?rest_route=\/wp\/v2\/users\/1"}],"replies":[{"embeddable":true,"href":"https:\/\/probahn-ol-hb.de\/index.php?rest_route=%2Fwp%2Fv2%2Fcomments&post=607"}],"version-history":[{"count":1,"href":"https:\/\/probahn-ol-hb.de\/index.php?rest_route=\/wp\/v2\/posts\/607\/revisions"}],"predecessor-version":[{"id":608,"href":"https:\/\/probahn-ol-hb.de\/index.php?rest_route=\/wp\/v2\/posts\/607\/revisions\/608"}],"wp:attachment":[{"href":"https:\/\/probahn-ol-hb.de\/index.php?rest_route=%2Fwp%2Fv2%2Fmedia&parent=607"}],"wp:term":[{"taxonomy":"category","embeddable":true,"href":"https:\/\/probahn-ol-hb.de\/index.php?rest_route=%2Fwp%2Fv2%2Fcategories&post=607"},{"taxonomy":"post_tag","embeddable":true,"href":"https:\/\/probahn-ol-hb.de\/index.php?rest_route=%2Fwp%2Fv2%2Ftags&post=607"}],"curies":[{"name":"wp","href":"https:\/\/api.w.org\/{rel}","templated":true}]}}