{"id":420,"date":"2021-05-30T13:40:16","date_gmt":"2021-05-30T11:40:16","guid":{"rendered":"https:\/\/probahn-ol-hb.de\/?p=420"},"modified":"2021-07-04T12:48:02","modified_gmt":"2021-07-04T10:48:02","slug":"landesversammlung-26-06-2021","status":"publish","type":"post","link":"https:\/\/probahn-ol-hb.de\/?p=420","title":{"rendered":"Landesversammlung 26.06.2021"},"content":{"rendered":"\n<p>Am Samstag, 26.06.2021 findet &#8211; voraussichtlich als Pr\u00e4senzssitzung in Jaderberg &#8211; die turnusgem\u00e4\u00dfe Landesversammlung mit Vorstandswahlen statt. Eine Anmeldung ist aufgrund der Corona-Ma\u00dfnahmen zwingend erforderlich.<\/p>\n\n\n\n<p>Weitere Informationen gehen den Mitgliedern mit einer Einladung in den kommenden Tagen zu.<\/p>\n\n\n\n<p><strong>Aktualisierung:<\/strong> Zum neuen Vorsitzenden gew\u00e4hlt wurde Malte Diehl aus Oldenburg, RV Oldenburger Land\/Bremen. Seine Stellvertreter sind Werner Stommel aus Wildeshausen (gleicher RV) sowie Stefan Goda aus Alfhausen (RV S\u00fcdwest-Niedersachsen).<\/p>\n\n\n\n<p>Zur Landesversammlung wurde eine Pressemitteilung vom Landesverband herausgeben. <a href=\"https:\/\/probahn-ol-hb.de\/?attachment_id=428\">Diese kann hier abgerufen werden.<\/a><\/p>\n","protected":false},"excerpt":{"rendered":"<p>Am Samstag, 26.06.2021 findet &#8211; voraussichtlich als Pr\u00e4senzssitzung in Jaderberg &#8211; die turnusgem\u00e4\u00dfe Landesversammlung mit Vorstandswahlen statt. Eine Anmeldung ist aufgrund der Corona-Ma\u00dfnahmen zwingend erforderlich. Weitere Informationen gehen den Mitgliedern &#8230;<\/p>\n","protected":false},"author":1,"featured_media":0,"comment_status":"open","ping_status":"open","sticky":false,"template":"","format":"standard","meta":{"footnotes":""},"categories":[1],"tags":[],"class_list":["post-420","post","type-post","status-publish","format-standard","hentry","category-uncategorized"],"_links":{"self":[{"href":"https:\/\/probahn-ol-hb.de\/index.php?rest_route=\/wp\/v2\/posts\/420","targetHints":{"allow":["GET"]}}],"collection":[{"href":"https:\/\/probahn-ol-hb.de\/index.php?rest_route=\/wp\/v2\/posts"}],"about":[{"href":"https:\/\/probahn-ol-hb.de\/index.php?rest_route=\/wp\/v2\/types\/post"}],"author":[{"embeddable":true,"href":"https:\/\/probahn-ol-hb.de\/index.php?rest_route=\/wp\/v2\/users\/1"}],"replies":[{"embeddable":true,"href":"https:\/\/probahn-ol-hb.de\/index.php?rest_route=%2Fwp%2Fv2%2Fcomments&post=420"}],"version-history":[{"count":3,"href":"https:\/\/probahn-ol-hb.de\/index.php?rest_route=\/wp\/v2\/posts\/420\/revisions"}],"predecessor-version":[{"id":432,"href":"https:\/\/probahn-ol-hb.de\/index.php?rest_route=\/wp\/v2\/posts\/420\/revisions\/432"}],"wp:attachment":[{"href":"https:\/\/probahn-ol-hb.de\/index.php?rest_route=%2Fwp%2Fv2%2Fmedia&parent=420"}],"wp:term":[{"taxonomy":"category","embeddable":true,"href":"https:\/\/probahn-ol-hb.de\/index.php?rest_route=%2Fwp%2Fv2%2Fcategories&post=420"},{"taxonomy":"post_tag","embeddable":true,"href":"https:\/\/probahn-ol-hb.de\/index.php?rest_route=%2Fwp%2Fv2%2Ftags&post=420"}],"curies":[{"name":"wp","href":"https:\/\/api.w.org\/{rel}","templated":true}]}}