{"id":343,"date":"2021-03-28T15:44:16","date_gmt":"2021-03-28T13:44:16","guid":{"rendered":"https:\/\/probahn-ol-hb.de\/?p=343"},"modified":"2021-03-28T15:44:16","modified_gmt":"2021-03-28T13:44:16","slug":"der-fahrdraht-haengt-fast-ueberall","status":"publish","type":"post","link":"https:\/\/probahn-ol-hb.de\/?p=343","title":{"rendered":"Der Fahrdraht h\u00e4ngt (fast \u00fcberall)!"},"content":{"rendered":"\n<p>Der Ausbau der Strecke Oldenburg &#8211; Wilhelmshaven ist inzwischen weit fortgeschritten. Auf dem bis zum Urteil des Verwaltungsgerichts umstrittenen Abschnitt s\u00fcdlich von Rastede liegt momentan neben dem Sander Bahnhof der Schwerpunkt der Bauarbeiten. Mittlerweile h\u00e4ngt der Fahrdraht auf weiten Teilst\u00fccken wenigstens auf einer Seite. Wenn die Arbeiten in diesem Tempo weitergehen, k\u00f6nnen wir hoffen, dass der Zeitplan sogar eingehalten wird. Hier aktuelle Bilder von der Baustelle (28.03.2021):<\/p>\n\n\n\n<figure class=\"wp-block-gallery columns-2 is-cropped wp-block-gallery-1 is-layout-flex wp-block-gallery-is-layout-flex\"><ul class=\"blocks-gallery-grid\"><li class=\"blocks-gallery-item\"><figure><img loading=\"lazy\" decoding=\"async\" width=\"1024\" height=\"576\" src=\"https:\/\/probahn-ol-hb.de\/wp-content\/uploads\/2021\/03\/20210328_111629-1024x576.jpg\" alt=\"\" data-id=\"346\" data-full-url=\"https:\/\/probahn-ol-hb.de\/wp-content\/uploads\/2021\/03\/20210328_111629.jpg\" data-link=\"https:\/\/probahn-ol-hb.de\/?attachment_id=346\" class=\"wp-image-346\" srcset=\"https:\/\/probahn-ol-hb.de\/wp-content\/uploads\/2021\/03\/20210328_111629-1024x576.jpg 1024w, https:\/\/probahn-ol-hb.de\/wp-content\/uploads\/2021\/03\/20210328_111629-300x169.jpg 300w, https:\/\/probahn-ol-hb.de\/wp-content\/uploads\/2021\/03\/20210328_111629-768x432.jpg 768w, https:\/\/probahn-ol-hb.de\/wp-content\/uploads\/2021\/03\/20210328_111629-1536x864.jpg 1536w, https:\/\/probahn-ol-hb.de\/wp-content\/uploads\/2021\/03\/20210328_111629-2048x1152.jpg 2048w\" sizes=\"auto, (max-width: 1024px) 100vw, 1024px\" \/><figcaption class=\"blocks-gallery-item__caption\">Bahn\u00fcbergang  Grafestra\u00dfe, Blickrichtung S\u00fcden<\/figcaption><\/figure><\/li><li class=\"blocks-gallery-item\"><figure><img loading=\"lazy\" decoding=\"async\" width=\"1024\" height=\"576\" src=\"https:\/\/probahn-ol-hb.de\/wp-content\/uploads\/2021\/03\/20210328_105131-1024x576.jpg\" alt=\"\" data-id=\"345\" data-full-url=\"https:\/\/probahn-ol-hb.de\/wp-content\/uploads\/2021\/03\/20210328_105131.jpg\" data-link=\"https:\/\/probahn-ol-hb.de\/?attachment_id=345\" class=\"wp-image-345\" srcset=\"https:\/\/probahn-ol-hb.de\/wp-content\/uploads\/2021\/03\/20210328_105131-1024x576.jpg 1024w, https:\/\/probahn-ol-hb.de\/wp-content\/uploads\/2021\/03\/20210328_105131-300x169.jpg 300w, https:\/\/probahn-ol-hb.de\/wp-content\/uploads\/2021\/03\/20210328_105131-768x432.jpg 768w, https:\/\/probahn-ol-hb.de\/wp-content\/uploads\/2021\/03\/20210328_105131-1536x864.jpg 1536w, https:\/\/probahn-ol-hb.de\/wp-content\/uploads\/2021\/03\/20210328_105131-2048x1152.jpg 2048w\" sizes=\"auto, (max-width: 1024px) 100vw, 1024px\" \/><figcaption class=\"blocks-gallery-item__caption\">Bahn\u00fcbergang Neus\u00fcdende, Blickrichtung Norden<\/figcaption><\/figure><\/li><\/ul><\/figure>\n\n\n\n<p>F\u00fcr uns Fahrg\u00e4ste erg\u00e4ben sich dadurch als unmittelbarer Verbesserung deutlich mehr durchgehende Fahrten von Wilhelmshaven nach Bremen. Die Regio-S-Bahn soll anstelle der bisherigen Linie RE19 von Montag bis Freitag 7- bis 10-mal je Richtung \u00fcber Oldenburg hinaus nach Wilhelmshaven verl\u00e4ngert werden. Bisher gibt es hier maximal 4 durchgehende Zugpaare.<\/p>\n\n\n\n<p>Ab 2024 gibt es dann, wenn die neuen Elektrotriebwagen zur Verf\u00fcgung stehen und in Oldenburg die ben\u00f6tigte Beifahranlage gebaut wurde, alle zwei Stunden eine durchgehende Direktverbindung mit RE-Z\u00fcgen zwischen Wilhelmshaven und Hannover.<\/p>\n","protected":false},"excerpt":{"rendered":"<p>Der Ausbau der Strecke Oldenburg &#8211; Wilhelmshaven ist inzwischen weit fortgeschritten. Auf dem bis zum Urteil des Verwaltungsgerichts umstrittenen Abschnitt s\u00fcdlich von Rastede liegt momentan neben dem Sander Bahnhof der &#8230;<\/p>\n","protected":false},"author":1,"featured_media":0,"comment_status":"open","ping_status":"open","sticky":false,"template":"","format":"standard","meta":{"footnotes":""},"categories":[1],"tags":[],"class_list":["post-343","post","type-post","status-publish","format-standard","hentry","category-uncategorized"],"_links":{"self":[{"href":"https:\/\/probahn-ol-hb.de\/index.php?rest_route=\/wp\/v2\/posts\/343","targetHints":{"allow":["GET"]}}],"collection":[{"href":"https:\/\/probahn-ol-hb.de\/index.php?rest_route=\/wp\/v2\/posts"}],"about":[{"href":"https:\/\/probahn-ol-hb.de\/index.php?rest_route=\/wp\/v2\/types\/post"}],"author":[{"embeddable":true,"href":"https:\/\/probahn-ol-hb.de\/index.php?rest_route=\/wp\/v2\/users\/1"}],"replies":[{"embeddable":true,"href":"https:\/\/probahn-ol-hb.de\/index.php?rest_route=%2Fwp%2Fv2%2Fcomments&post=343"}],"version-history":[{"count":1,"href":"https:\/\/probahn-ol-hb.de\/index.php?rest_route=\/wp\/v2\/posts\/343\/revisions"}],"predecessor-version":[{"id":347,"href":"https:\/\/probahn-ol-hb.de\/index.php?rest_route=\/wp\/v2\/posts\/343\/revisions\/347"}],"wp:attachment":[{"href":"https:\/\/probahn-ol-hb.de\/index.php?rest_route=%2Fwp%2Fv2%2Fmedia&parent=343"}],"wp:term":[{"taxonomy":"category","embeddable":true,"href":"https:\/\/probahn-ol-hb.de\/index.php?rest_route=%2Fwp%2Fv2%2Fcategories&post=343"},{"taxonomy":"post_tag","embeddable":true,"href":"https:\/\/probahn-ol-hb.de\/index.php?rest_route=%2Fwp%2Fv2%2Ftags&post=343"}],"curies":[{"name":"wp","href":"https:\/\/api.w.org\/{rel}","templated":true}]}}