{"id":340,"date":"2021-03-28T15:35:15","date_gmt":"2021-03-28T13:35:15","guid":{"rendered":"https:\/\/probahn-ol-hb.de\/?p=340"},"modified":"2021-03-28T15:45:31","modified_gmt":"2021-03-28T13:45:31","slug":"pro-bahn-unterstuetzt-forderung-nach-unterfuehrung-in-ofenerdiek","status":"publish","type":"post","link":"https:\/\/probahn-ol-hb.de\/?p=340","title":{"rendered":"PRO BAHN unterst\u00fctzt Forderung nach Unterf\u00fchrung in Ofenerdiek"},"content":{"rendered":"\n<p>Der Oldenburger B\u00fcrgerverein Ofenerdiek hat seine Forderung nach Bau einer Unterf\u00fchrung f\u00fcr die jetzigen Bahn\u00fcberg\u00e4nge &#8222;Am Stadtrand&#8220; und &#8222;Karuschenweg&#8220; erneuert und dazu am 23.03.2021 eine erste &#8222;Bahnwache&#8220; vor Ort veranstaltet. Die Bahn\u00fcberg\u00e4nge werden von ca. 10.000 Kraftfahrzeugen t\u00e4glich genutzt und bilden ein Nadel\u00f6hr f\u00fcr den Verkehr aus dem Stadtzentrum in Richtung Nordwesten Oldenburgs.<\/p>\n\n\n\n<p>Weil es sich um Bahn\u00fcberg\u00e4nge mit Vollschranken handelt, von denen einer auf absehbare Zeit sogar noch von Hand bedient wird, sind die Schlie\u00dfzeiten besonders lang. Dies f\u00fchrt bereits unter normalen Umst\u00e4nden zu erheblichen Verkehrsbehinderungen im Stadtteil Ofenerdiek. Da aber derzeit wegen des Streckenausbaus nach Wilhelmshaven der Bahn\u00fcbergang Karuschenweg gesperrt ist und der Zugverkehr nur eingleisig l\u00e4uft, haben die Behinderungen noch weiter zugenommen.<\/p>\n\n\n\n<p>PRO BAHN war auch bei der ersten Bahnwache, die regelm\u00e4\u00dfig wiederholt werden sollen, vor Ort und konnte sich von den massiven R\u00fcckstaus ein Bild machen. Es dauerte, begonnen mit dem Schlie\u00dfen der Schranken, bis zu 20 Minuten, bis der Stra\u00dfenverkehr sich wieder normalisiert hatte. Hiervon sind nicht nur Autos und Lkws betroffen, sondern auch mehrere Buslinien, die dadurch erhebliche Versp\u00e4tungen einfahren.<\/p>\n\n\n\n<p>Wir unterst\u00fctzen daher die Forderung des B\u00fcrgervereins nach einer L\u00f6sung, bei der die Stra\u00dfen unter den Gleisen hindurchgef\u00fchrt werden. Eine Machbarkeitsstudie hierf\u00fcr wurde bereits vor Jahren von der Stadt Oldenburg erstellt und legt detailliert dar, wie eine solche Unterf\u00fchrung aussehen k\u00f6nnte.<\/p>\n\n\n\n<p>Au\u00dferdem erg\u00e4be sich dadurch die M\u00f6glichkeit, in Ofenerdiek endlich wieder einen Zughalt einzurichten. Bis 1976 hielten in Oferdienk noch regelm\u00e4\u00dfig Personenz\u00fcge. Ein neuer Halt an gleicher Stelle wie der alte l\u00e4ge mitten in dichter Wohnbebauung und w\u00e4re optimal mit den o. g. Buslinien verkn\u00fcpft, die die Feinverteilung der Fahrg\u00e4ste vornehmen. F\u00fcr das Netz der Regio-S-Bahn w\u00e4re ein st\u00fcndlicher oder sogar h\u00e4ufiger bedienter Halt Oldenburg-Ofenerdiek eine wichtige Erg\u00e4nzung mit hohem Fahrgastpotenzial.<\/p>\n\n\n\n<p><strong>Homepage des B\u00fcrgervereins Ofenerdiek e.V.:<\/strong><\/p>\n\n\n\n<p><a href=\"https:\/\/www.buergerverein-ofenerdiek.de\/\" target=\"_blank\" rel=\"noreferrer noopener\">https:\/\/www.buergerverein-ofenerdiek.de\/<\/a><\/p>\n\n\n\n<p><strong>Bericht in der NWZ vom 23.03.2021:<\/strong><\/p>\n\n\n\n<p><a href=\"https:\/\/www.nwzonline.de\/plus-oldenburg-stadt\/ofenerdiek-verkehr-in-oldenburg-ofenerdieker-starten-neue-aktion-fuer-eine-bahnunterfuehrung_a_51,0,2306764325.html\" target=\"_blank\" rel=\"noreferrer noopener\">https:\/\/www.nwzonline.de\/plus-oldenburg-stadt\/ofenerdiek-verkehr-in-oldenburg-ofenerdieker-starten-neue-aktion-fuer-eine-bahnunterfuehrung_a_51,0,2306764325.html<\/a><\/p>\n\n\n\n<p><strong>Machbarkeitsstudien der Stadt Oldenburg zu den Bahn\u00fcberg\u00e4ngen in Ofenerdiek:<\/strong><\/p>\n\n\n\n<p><a href=\"https:\/\/www.oldenburg.de\/startseite\/leben-umwelt\/verkehr\/bahn\/ausbau-bahnstrecke-oldenburg-wilhelmshaven\/planung-bahnuebergaenge.html\" target=\"_blank\" rel=\"noreferrer noopener\">https:\/\/www.oldenburg.de\/startseite\/leben-umwelt\/verkehr\/bahn\/ausbau-bahnstrecke-oldenburg-wilhelmshaven\/planung-bahnuebergaenge.html<\/a><\/p>\n","protected":false},"excerpt":{"rendered":"<p>Der Oldenburger B\u00fcrgerverein Ofenerdiek hat seine Forderung nach Bau einer Unterf\u00fchrung f\u00fcr die jetzigen Bahn\u00fcberg\u00e4nge &#8222;Am Stadtrand&#8220; und &#8222;Karuschenweg&#8220; erneuert und dazu am 23.03.2021 eine erste &#8222;Bahnwache&#8220; vor Ort veranstaltet. &#8230;<\/p>\n","protected":false},"author":1,"featured_media":0,"comment_status":"open","ping_status":"open","sticky":false,"template":"","format":"standard","meta":{"footnotes":""},"categories":[1],"tags":[],"class_list":["post-340","post","type-post","status-publish","format-standard","hentry","category-uncategorized"],"_links":{"self":[{"href":"https:\/\/probahn-ol-hb.de\/index.php?rest_route=\/wp\/v2\/posts\/340","targetHints":{"allow":["GET"]}}],"collection":[{"href":"https:\/\/probahn-ol-hb.de\/index.php?rest_route=\/wp\/v2\/posts"}],"about":[{"href":"https:\/\/probahn-ol-hb.de\/index.php?rest_route=\/wp\/v2\/types\/post"}],"author":[{"embeddable":true,"href":"https:\/\/probahn-ol-hb.de\/index.php?rest_route=\/wp\/v2\/users\/1"}],"replies":[{"embeddable":true,"href":"https:\/\/probahn-ol-hb.de\/index.php?rest_route=%2Fwp%2Fv2%2Fcomments&post=340"}],"version-history":[{"count":2,"href":"https:\/\/probahn-ol-hb.de\/index.php?rest_route=\/wp\/v2\/posts\/340\/revisions"}],"predecessor-version":[{"id":348,"href":"https:\/\/probahn-ol-hb.de\/index.php?rest_route=\/wp\/v2\/posts\/340\/revisions\/348"}],"wp:attachment":[{"href":"https:\/\/probahn-ol-hb.de\/index.php?rest_route=%2Fwp%2Fv2%2Fmedia&parent=340"}],"wp:term":[{"taxonomy":"category","embeddable":true,"href":"https:\/\/probahn-ol-hb.de\/index.php?rest_route=%2Fwp%2Fv2%2Fcategories&post=340"},{"taxonomy":"post_tag","embeddable":true,"href":"https:\/\/probahn-ol-hb.de\/index.php?rest_route=%2Fwp%2Fv2%2Ftags&post=340"}],"curies":[{"name":"wp","href":"https:\/\/api.w.org\/{rel}","templated":true}]}}