{"id":338,"date":"2021-03-28T14:46:40","date_gmt":"2021-03-28T12:46:40","guid":{"rendered":"https:\/\/probahn-ol-hb.de\/?p=338"},"modified":"2021-03-28T15:45:47","modified_gmt":"2021-03-28T13:45:47","slug":"reisezentren-in-bremen-und-oldenburg-ab-2022-bei-nordwestbahn","status":"publish","type":"post","link":"https:\/\/probahn-ol-hb.de\/?p=338","title":{"rendered":"Reisezentren in Bremen und Oldenburg ab 2022 bei NordWestBahn"},"content":{"rendered":"\n<p>Die Deutschen Bahn gibt zum Dezember 2022 ihre Reisezentren im Bremer und im Oldenburger Hauptbahnhof auf. Hintergrund ist der Gewinn der Ausschreibung f\u00fcr das Netz der Regio-S-Bahn durch die NordWestBahn. Diese \u00fcbernimmt gem\u00e4\u00df den Vorgaben der Ausschreibung auch die Vertriebsverantwortung und f\u00e4hrt bereits heute die meisten Personenz\u00fcge, die beide Bahnh\u00f6fe erreichen. Gleichzeitig ist die Deutsche Bahn nicht zum eigenwirtschaftlichen Betrieb von Reisezentren verpflichtet. <\/p>\n\n\n\n<p>Man darf annehmen, dass die aufgrund der fortschreitenden Digitalisierung in den letzten Jahren geschrumpfte Nachfrage nach personenbedientem Verkauf auch in wichtigen Knotenbahnh\u00f6fen wie Oldenburg und Bremen nicht ausreicht, um zwei Verkaufsstellen parallel ohne Verluste zu betreiben. Die NordWestBahn ist ab dem Fahrplanwechsel 2022 verpflichtet, den pers\u00f6nlichen Vertrieb in Bremen 99 Stunden und in Oldenburg 75 Stunden w\u00f6chentlich anzubieten.<\/p>\n\n\n\n<p>Uns als Fahrgastverband ist grunds\u00e4tzlich egal, wer ein Reisezentrum betreibt, und nat\u00fcrlich erkennen wir auch an, dass viele Fahrkarten mittlerweile online erworben werden. Gleichwohl dient die Eisenbahn der Grundversorgung und darf niemanden von ihrer Nutzung ausschlie\u00dfen, nur weil man aus welchen Gr\u00fcnden auch immer nicht online kaufen kann. F\u00fcr uns ist es daher essentiell, dass auch weiterhin s\u00e4mtliche Fahrkarten im Nah- und Fernverkehr in den Reisezentrum gekauft werden k\u00f6nnen. Die NordWestBahn ist nach unserem Kenntnisstand nicht verpflichtet, Fernverkehrsfahrkarten der Deutschen Bahn zu verkaufen.<\/p>\n\n\n\n<p>Sollte es nicht zu einer Einigung zwischen NWB und DB kommen, k\u00f6nnte das f\u00fcr viele Reisende eine erhebliche Einschr\u00e4nkung bedeuten. Hinzukommt, dass Fahrkarten auch nicht mehr im Fernzug gekauft werden k\u00f6nnen. Wir werden die Situation aufmerksam beobachten und eine Verschlechterung des Kundenservices nicht einfach hinnehmen.<\/p>\n\n\n\n<p><strong>Bericht in der NWZ vom 26.03.2021:<\/strong><\/p>\n\n\n\n<p><a href=\"https:\/\/www.nwzonline.de\/plus-region\/hauptbahnhof-oldenburg-reisezentrum-wechsel-von-deutsche-bahn-zu-nordwest-bahn_a_51,0,2481434414.html\" target=\"_blank\" rel=\"noreferrer noopener\">https:\/\/www.nwzonline.de\/plus-region\/hauptbahnhof-oldenburg-reisezentrum-wechsel-von-deutsche-bahn-zu-nordwest-bahn_a_51,0,2481434414.html<\/a><\/p>\n","protected":false},"excerpt":{"rendered":"<p>Die Deutschen Bahn gibt zum Dezember 2022 ihre Reisezentren im Bremer und im Oldenburger Hauptbahnhof auf. Hintergrund ist der Gewinn der Ausschreibung f\u00fcr das Netz der Regio-S-Bahn durch die NordWestBahn. &#8230;<\/p>\n","protected":false},"author":1,"featured_media":0,"comment_status":"open","ping_status":"open","sticky":false,"template":"","format":"standard","meta":{"footnotes":""},"categories":[1],"tags":[],"class_list":["post-338","post","type-post","status-publish","format-standard","hentry","category-uncategorized"],"_links":{"self":[{"href":"https:\/\/probahn-ol-hb.de\/index.php?rest_route=\/wp\/v2\/posts\/338","targetHints":{"allow":["GET"]}}],"collection":[{"href":"https:\/\/probahn-ol-hb.de\/index.php?rest_route=\/wp\/v2\/posts"}],"about":[{"href":"https:\/\/probahn-ol-hb.de\/index.php?rest_route=\/wp\/v2\/types\/post"}],"author":[{"embeddable":true,"href":"https:\/\/probahn-ol-hb.de\/index.php?rest_route=\/wp\/v2\/users\/1"}],"replies":[{"embeddable":true,"href":"https:\/\/probahn-ol-hb.de\/index.php?rest_route=%2Fwp%2Fv2%2Fcomments&post=338"}],"version-history":[{"count":2,"href":"https:\/\/probahn-ol-hb.de\/index.php?rest_route=\/wp\/v2\/posts\/338\/revisions"}],"predecessor-version":[{"id":349,"href":"https:\/\/probahn-ol-hb.de\/index.php?rest_route=\/wp\/v2\/posts\/338\/revisions\/349"}],"wp:attachment":[{"href":"https:\/\/probahn-ol-hb.de\/index.php?rest_route=%2Fwp%2Fv2%2Fmedia&parent=338"}],"wp:term":[{"taxonomy":"category","embeddable":true,"href":"https:\/\/probahn-ol-hb.de\/index.php?rest_route=%2Fwp%2Fv2%2Fcategories&post=338"},{"taxonomy":"post_tag","embeddable":true,"href":"https:\/\/probahn-ol-hb.de\/index.php?rest_route=%2Fwp%2Fv2%2Ftags&post=338"}],"curies":[{"name":"wp","href":"https:\/\/api.w.org\/{rel}","templated":true}]}}